[{"@context":"https:\/\/schema.org\/","@type":"Article","@id":"https:\/\/www.dibak.sk\/vnimajme-sa-a-majme-ku-sebe-uctu\/#Article","mainEntityOfPage":"https:\/\/www.dibak.sk\/vnimajme-sa-a-majme-ku-sebe-uctu\/","headline":"Vn\u00edmajme sa a majme ku sebe \u00factu","name":"Vn\u00edmajme sa a majme ku sebe \u00factu","description":"Dali ste si niekedy ot\u00e1zku v akej dobe a spolo\u010dnosti \u017eijeme. Je to hrozn\u00e9 ako sa sebe spr\u00e1vame ako psy. Pre ni\u010d za ni\u010d. Aj to je ve\u013emi smutn\u00e9 ke\u010f brat svojho brata nen\u00e1vid\u00ed a podobne. Ako aj v\u010dera bola sa mi s\u0165a\u017eovala kamo\u0161ka \u017ee mala tu \u010des\u0165 by\u0165 v pr\u00edtomnosti jednej osoby. T\u00e1 osoba&hellip; ","datePublished":"2024-01-02","dateModified":"2024-01-02","author":{"@type":"Person","@id":"https:\/\/www.dibak.sk\/author\/#Person","name":"","url":"https:\/\/www.dibak.sk\/author\/","identifier":1,"image":{"@type":"ImageObject","@id":"https:\/\/secure.gravatar.com\/avatar\/b682f75cb96d085fca5fbc8ca3f08e323444e236f6e6028585b73de81c46f711?s=96&d=mm&r=g","url":"https:\/\/secure.gravatar.com\/avatar\/b682f75cb96d085fca5fbc8ca3f08e323444e236f6e6028585b73de81c46f711?s=96&d=mm&r=g","height":96,"width":96}},"publisher":{"@type":"Organization","name":"dibak.sk","logo":{"@type":"ImageObject","@id":"\/logo.png","url":"\/logo.png","width":600,"height":60}},"image":{"@type":"ImageObject","@id":"https:\/\/www.dibak.sk\/wp-content\/uploads\/woman-8519192_640.png","url":"https:\/\/www.dibak.sk\/wp-content\/uploads\/woman-8519192_640.png","height":0,"width":0},"url":"https:\/\/www.dibak.sk\/vnimajme-sa-a-majme-ku-sebe-uctu\/","about":["Spolo\u010dnosti"],"wordCount":596,"articleBody":"Dali ste si niekedy ot\u00e1zku v akej dobe a spolo\u010dnosti \u017eijeme. Je to hrozn\u00e9 ako sa sebe spr\u00e1vame ako psy. Pre ni\u010d za ni\u010d. Aj to je ve\u013emi smutn\u00e9 ke\u010f brat svojho brata nen\u00e1vid\u00ed a podobne. Ako aj v\u010dera bola sa mi s\u0165a\u017eovala kamo\u0161ka \u017ee mala tu \u010des\u0165 by\u0165 v pr\u00edtomnosti jednej osoby. T\u00e1 osoba m\u00e1 vysok\u00fa \u0161kolu ale pod\u013ea inform\u00e1cii je bez pr\u00e1ce ale to ved\u013eaj\u0161ie ide o jej arogantn\u00e9 pov\u00fd\u0161eneck\u00e9 spr\u00e1vanie a aby ju ka\u017ed\u00fd po\u010d\u00faval \u010do ona povie nikto in\u00fd nem\u00f4\u017ee si poveda\u0165 svoj n\u00e1zor. Nezd\u00e1 sa v\u00e1m to chor\u00e9. St\u00e1le nap\u00e1da suseda \u017ee p\u00e1l\u00ed \u0165a\u017ek\u00e9 kovy volala u\u017e na Pol\u00edciu aj \u017eivotn\u00e9 prostredie aj Obecn\u00fd \u00farad nikto ni\u010d nezistil ona si ho nat\u00e1\u010da mysl\u00edm suseda aj z Obecn\u00e9ho \u00faradu pracovn\u00ed\u010dky. vypr\u00e1va to ka\u017ed\u00e9mu u\u017e minim\u00e1lne pol roka m\u00e1 t\u00fato verziu. Jej sused sa tak na\u0161tval \u017ee jej povedal do o\u010d\u00ed \u017ee ke\u010f neprestane \u017ee ju d\u00e1 na psychiatriu a zavrie\u0165 do v\u00e4zenia. Nu\u017e t\u00e1 doty\u010dn\u00e1 si koleduje o to. Uk\u00e1\u017ete mi v dne\u0161nej dobe charaktern\u00fdch \u013eud\u00ed max by som na\u0161la na jednej ruke.T\u00e1to doty\u010dn\u00e1 pod\u013ea nej nikto nie je norm\u00e1lny len ona \u010do m\u00e1 V\u0160 a dva titule tak si mysl\u00ed \u017ee ona je t\u00e1 m\u00fadra nikto in\u00fd. T\u00e1 moja zn\u00e1ma plakala ako ku nej spr\u00e1vala t\u00e1 doty\u010dn\u00e1 \u017ee ako zmyslov zbaven\u00e1. Ja som jej povedala to\u013eko \u017ee ju mala vyhodi\u0165 sedela u nej na verande no povedala mi zn\u00e1ma \u017ee \u013eutuje \u017ee to neurobila. Ale mi povedala zn\u00e1ma \u017ee vybuchla u\u017e aj ona dobre povedala do du\u0161i \u010do si mysl\u00ed o nej. \u017de nech prestane vypr\u00e1va\u0165 st\u00e1le dokola \u017ee \u010di ch\u00e1pe \u017ee je nech\u00e1pav\u00ed ka\u017ed\u00ed kto ju nepo\u010d\u00fava. Keby som to tu chcela nap\u00edsa\u0165 cel\u00fd ten incident tak som tu minim\u00e1lne dva dni. Bo\u017ee v\u00e1\u017een\u00fd zamyslime sa nad sebou \u010do sme za \u013eudia spr\u00e1vame sa vo\u010di sebe hor\u0161ie ako zver. Ja som lektorka \u0161peci\u00e1lny pedag\u00f3g keby som sa takto spr\u00e1vala ku kolegom resp. \u017eiakom tak by som nikde nepochodila ba dokonca vyletela. Ja aj rob\u00edm popri inej \u010dinnosti v\u00fdklady ve\u0161t\u00edm je nemyslite\u013ene aby som sa tak arogantne spr\u00e1vala pokia\u013e jasn\u00e1 vec mi niekto nebrnkne na strunu a resp. ma nevyto\u010d\u00ed bez nejakej pr\u00ed\u010din. Ako spolo\u010dnos\u0165 sme vn\u00edman\u00e1 ako jednotlivec v spolo\u010densk\u00fdch ved\u00e1ch. Sme tie\u017e etnikum a sme aj r\u00f4zne spolo\u010densk\u00e9 skupiny \u010di u\u017e ide o n\u00edzku skupinu \u013eud\u00ed alebo stredn\u00fa \u010di vysok\u00fa ale ide o to \u017ee nemali by sme sa vyva\u017eova\u0165 nad druh\u00fdm napr\u00edklad tak\u00fdm \u010do nie majetn\u00fd. Pod\u013ea biblie sme si v\u0161etci rovn\u00ed. Pre\u010do sa hovor\u00ed v Biblia \u017ee sme bratia a sestry nu\u017e sa tak nechov\u00e1me. Bo\u017ee ke\u010f si pomysl\u00edm ako sa ku sebe spr\u00e1vali \u013eudia v minulom storo\u010d\u00ed e\u0161te ke\u010f \u017eili moji star\u00fd rodi\u010dia kde je t\u00e1 doba a spolo\u010dnos\u0165. Jasn\u00e9 boli aj vtedy tak\u00e9to rozdiely \u010do sa t\u00fdka spr\u00e1vania i\u0161lo aj o z\u00e1vis\u0165 ale bolo to in\u00e9. Mal by by\u0165 kurz slu\u0161n\u00e9ho spr\u00e1vania povinn\u00fd pre ka\u017ed\u00e9ho bez rozdielu. Rozm\u00fd\u0161\u013eajme\u00a0a potom konajme.\u00a0                                                                                                                                                                                                                                                                                                                                                                                        4.1\/5 - (15 votes)        "},{"@context":"https:\/\/schema.org\/","@type":"BreadcrumbList","itemListElement":[{"@type":"ListItem","position":1,"name":"Vn\u00edmajme sa a majme ku sebe \u00factu","item":"https:\/\/www.dibak.sk\/vnimajme-sa-a-majme-ku-sebe-uctu\/#breadcrumbitem"}]}]