[{"@context":"https:\/\/schema.org\/","@type":"Article","@id":"https:\/\/www.dibak.sk\/oslavte-s-nami-nas-velky-den\/#Article","mainEntityOfPage":"https:\/\/www.dibak.sk\/oslavte-s-nami-nas-velky-den\/","headline":"Osl\u00e1vte s nami n\u00e1\u0161 ve\u013ek\u00fd de\u0148","name":"Osl\u00e1vte s nami n\u00e1\u0161 ve\u013ek\u00fd de\u0148","description":"Rozhodli ste sa, \u017ee sa vezmete? Tak to v\u00e1m teda zo srdca gratulujeme a ver\u00edme, \u017ee v\u00e1m to vydr\u017e\u00ed. Ale teraz k tomu, o \u010dom sa s vami chceme rozpr\u00e1va\u0165. Mysleli ste u\u017e na to \u010di m\u00e1te naozaj v\u0161etko? Ako to mysl\u00edme? Tak, ako v\u00e1m to hovor\u00edme. P\u00fdtame sa v\u00e1s \u010di ste na ni\u010d nezabudli&hellip; ","datePublished":"2018-03-23","dateModified":"2023-04-26","author":{"@type":"Person","@id":"https:\/\/www.dibak.sk\/author\/#Person","name":"","url":"https:\/\/www.dibak.sk\/author\/","identifier":1,"image":{"@type":"ImageObject","@id":"https:\/\/secure.gravatar.com\/avatar\/b682f75cb96d085fca5fbc8ca3f08e323444e236f6e6028585b73de81c46f711?s=96&d=mm&r=g","url":"https:\/\/secure.gravatar.com\/avatar\/b682f75cb96d085fca5fbc8ca3f08e323444e236f6e6028585b73de81c46f711?s=96&d=mm&r=g","height":96,"width":96}},"publisher":{"@type":"Organization","name":"dibak.sk","logo":{"@type":"ImageObject","@id":"\/logo.png","url":"\/logo.png","width":600,"height":60}},"image":{"@type":"ImageObject","@id":"https:\/\/www.dibak.sk\/wp-content\/uploads\/img_a286728_w16535_t1523515566.jpg","url":"https:\/\/www.dibak.sk\/wp-content\/uploads\/img_a286728_w16535_t1523515566.jpg","height":0,"width":0},"url":"https:\/\/www.dibak.sk\/oslavte-s-nami-nas-velky-den\/","about":["Deti"],"wordCount":424,"articleBody":"Rozhodli ste sa, \u017ee sa vezmete? Tak to v\u00e1m teda zo srdca gratulujeme a ver\u00edme, \u017ee v\u00e1m to vydr\u017e\u00ed. Ale teraz k tomu, o \u010dom sa s vami chceme rozpr\u00e1va\u0165. Mysleli ste u\u017e na to \u010di m\u00e1te naozaj v\u0161etko? Ako to mysl\u00edme? Tak, ako v\u00e1m to hovor\u00edme. P\u00fdtame sa v\u00e1s \u010di ste na ni\u010d nezabudli a \u010di si pam\u00e4t\u00e1te na to, \u010do ste chceli dosiahnu\u0165. Je ve\u013emi \u0165a\u017ek\u00e9 pam\u00e4ta\u0165 si na v\u0161etko odrazu, hlavne vtedy, ke\u010f ide o nie\u010do tak\u00e9 podstatn\u00e9, ako je pr\u00e1ve v\u00e1\u0161 ve\u013ek\u00fd de\u0148. Ke\u010f sa nad t\u00fdm v\u0161ak zamysl\u00edte, ur\u010dite pr\u00eddete na to \u010di m\u00e1te v\u0161etko.M\u00e1te di\u00e1r? \u017deny ve\u013emi dobre vedia, \u017ee naj\u00fa\u010dinnej\u0161ie je, ke\u010f si v\u0161etko zapisuj\u00fa. Vtedy im naozaj ni\u010d neujde. Dokonca ani tak\u00e9 mali\u010dkosti, ako s\u00fa pozvanky na svadbu. Mysleli ste u\u017e na to alebo v\u00e1m to \u00faplne vyfu\u010dalo z hlavy? My teda \u00faprimne d\u00fafame, \u017ee ste na to mysleli a \u017ee ste nezabudli, \u017ee to je nie\u010do, \u010do naozaj mus\u00edte ma\u0165 vyrie\u0161en\u00e9, k\u00fdm nechcete, aby akosi v\u0161etci zabudli pr\u00eds\u0165. Ke\u010f sa v\u0161ak nad t\u00fdm zamysl\u00edte, ur\u010dite pr\u00eddete na to, \u017ee potrebujete, aby v\u0161etko fungovalo presne tak, ako to fungova\u0165 m\u00e1, no nie? Ke\u010f sme v\u00e1m to u\u017e pripomenuli, viete ako by mali vyzera\u0165?Ako by mali vyzera\u0165 va\u0161e ozn\u00e1menia? Ka\u017ed\u00fd \u010dlovek m\u00e1 in\u00e9 krit\u00e9ri\u00e1 a je jasn\u00e9, \u017ee v prvom rade by sa mali zhodn\u00fa\u0165 mladoman\u017eelia. V druhom rade je ka\u017ed\u00e9mu jasn\u00e9, \u017ee to sk\u00f4r bude vybera\u0165 pr\u00e1ve nevesta, preto\u017ee hlavne na nej z\u00e1le\u017e\u00ed, nem\u00e1me pravdu? Ona si svoj de\u0148 vysn\u00edvala, m\u00e1 teda n\u00e1rok na \u010doko\u013evek, \u010do bude chcie\u0165. A pr\u00e1ve preto m\u00f4\u017ee za\u010da\u0165 hne\u010f teraz. Najlep\u0161ie je, ke\u010f zvol\u00edte nie\u010do nevtierav\u00e9, jednoducho nie\u010do, \u010do nebude hne\u010f kri\u010da\u0165, \u017ee sa chcete zobra\u0165. Malo by to by\u0165 nie\u010do elegantn\u00e9 a vkusn\u00e9, jednoducho presne tak\u00e9 ist\u00e9, ako ste vy, no nie? Pr\u00e1ve preto si na tom dajte z\u00e1le\u017ea\u0165. A schovajte si jedno na pamiatku. Bu\u010fte si ist\u00fd, \u017ee o p\u00e1r rokov na to budete spom\u00edna\u0165 iba s \u00fasmevom na tv\u00e1ri. To je nie\u010do, \u010do v\u00e1s bude skuto\u010dne ve\u013emi te\u0161i\u0165.                                                                                                                                                                                                                                                                                                                                                                                        3.8\/5 - (5 votes)        "},{"@context":"https:\/\/schema.org\/","@type":"BreadcrumbList","itemListElement":[{"@type":"ListItem","position":1,"name":"Osl\u00e1vte s nami n\u00e1\u0161 ve\u013ek\u00fd de\u0148","item":"https:\/\/www.dibak.sk\/oslavte-s-nami-nas-velky-den\/#breadcrumbitem"}]}]