[{"@context":"https:\/\/schema.org\/","@type":"Article","@id":"https:\/\/www.dibak.sk\/bratislava-bude-uz-coskoro-vyrabat-elektricky-vw-polo\/#Article","mainEntityOfPage":"https:\/\/www.dibak.sk\/bratislava-bude-uz-coskoro-vyrabat-elektricky-vw-polo\/","headline":"Bratislava bude u\u017e \u010doskoro vyr\u00e1ba\u0165 elektrick\u00fd VW P\u00f3lo","name":"Bratislava bude u\u017e \u010doskoro vyr\u00e1ba\u0165 elektrick\u00fd VW P\u00f3lo","description":"Na Slovensku by sa mal zatia\u013e pod\u013ea predbe\u017en\u00fdch spr\u00e1v za\u010da\u0165 vyr\u00e1ba\u0165 nov\u00fd elektromobil. Pod\u013ea v\u0161etk\u00e9ho sa bude jedna\u0165 o v\u00fdrobu v Bratislavskom koncerne Volkswagen Group. \u00a0 Ke\u010f\u017ee sa u\u017e u n\u00e1s jeden plne elektrick\u00fd model vyr\u00e1ba, presnej\u0161ie sa tu bav\u00edme o modely Peugeot e-208. Je pravdepodobn\u00e9 \u017ee vo\u013eba padne na v\u00fdrobu podobnej cenovej kateg\u00f3ri\u00ed. Predpoklad\u00e1&hellip; ","datePublished":"2019-12-18","dateModified":"2023-04-26","author":{"@type":"Person","@id":"https:\/\/www.dibak.sk\/author\/#Person","name":"","url":"https:\/\/www.dibak.sk\/author\/","identifier":1,"image":{"@type":"ImageObject","@id":"https:\/\/secure.gravatar.com\/avatar\/b682f75cb96d085fca5fbc8ca3f08e323444e236f6e6028585b73de81c46f711?s=96&d=mm&r=g","url":"https:\/\/secure.gravatar.com\/avatar\/b682f75cb96d085fca5fbc8ca3f08e323444e236f6e6028585b73de81c46f711?s=96&d=mm&r=g","height":96,"width":96}},"publisher":{"@type":"Organization","name":"dibak.sk","logo":{"@type":"ImageObject","@id":"\/logo.png","url":"\/logo.png","width":600,"height":60}},"image":{"@type":"ImageObject","@id":"https:\/\/www.dibak.sk\/wp-content\/uploads\/img_a308970_w16851_t1577467570.jpg","url":"https:\/\/www.dibak.sk\/wp-content\/uploads\/img_a308970_w16851_t1577467570.jpg","height":0,"width":0},"url":"https:\/\/www.dibak.sk\/bratislava-bude-uz-coskoro-vyrabat-elektricky-vw-polo\/","about":["Auto"],"wordCount":405,"articleBody":"Na Slovensku by sa mal zatia\u013e pod\u013ea predbe\u017en\u00fdch spr\u00e1v za\u010da\u0165 vyr\u00e1ba\u0165 nov\u00fd elektromobil. Pod\u013ea v\u0161etk\u00e9ho sa bude jedna\u0165 o v\u00fdrobu v Bratislavskom koncerne Volkswagen Group.\u00a0Ke\u010f\u017ee sa u\u017e u n\u00e1s jeden plne elektrick\u00fd model vyr\u00e1ba, presnej\u0161ie sa tu bav\u00edme o modely Peugeot e-208. Je pravdepodobn\u00e9 \u017ee vo\u013eba padne na v\u00fdrobu podobnej cenovej kateg\u00f3ri\u00ed. Predpoklad\u00e1 sa \u017ee vo\u013eba padne na VW Polo a jeho elektrick\u00fa verziu. V najbli\u017e\u0161\u00edch rokoch preto m\u00f4\u017eeme o\u010dak\u00e1va\u0165 r\u00f4zne produk\u010dn\u00e9 pokusy. Ke\u010f\u017ee sa technol\u00f3gia v\u00fdroby elektrick\u00fdch vozidiel nato\u013eko zlacnila \u017ee sa tu u\u017e s k\u013eudn\u00fdm svedom\u00edm m\u00f4\u017eeme bavi\u0165 o novej \u00e9re v tomto segmente.\u00a0 V Nemeckej tov\u00e1rni v meste Emden by sa mala rozbehn\u00fa\u0165 invest\u00edcia do z\u00e1vody v celkovej v\u00fd\u0161ke okolo 1 miliardy e\u00far a tak sa sa t\u00e1to tov\u00e1re\u0148 st\u00e1le e\u0161te len druhou v porad\u00ed po Nemeckej tov\u00e1rni v meste Zwickau. Kde bude prebieha\u0165 v\u00fdroba t\u00fdchto typov vozidiel. Pr\u00e1ve tam skladaj\u00fa model\u00a0 Volkswagen ID.3.\u00a0Teraz ale nast\u00e1va ot\u00e1zka, ako sa to cel\u00e9 t\u00fdka Bratislavy? No cel\u00fd tento moderniza\u010dn\u00fd procesa v Nemecku m\u00e1 za n\u00e1sledok presunutie v\u00fdroby VW Passat do Turecka a t\u00fdm p\u00e1dom sa uvo\u013enia kapacity v Nemecku pre Volkswagen ID.3 a VW Polo u u n\u00e1s. Pod\u013ea \u0161\u00e9fa Slovenskej automobilky Volkswagen Andrea Tostmanna sa nateraz zd\u00e1 \u017ee zmena situ\u00e1cie na trhu ako aj zmena pl\u00e1nov na v\u00fdrobu hovor\u00ed v n\u00e1\u0161 prospech. Bav\u00edme sa tu o produkci\u00ed\u00a0 a\u017e 20 000 vozidiel ro\u010dne. A to je celkom pekn\u00fd \u00falovok o ktor\u00fd by bolo cite\u013en\u00e9 pr\u00eds\u0165. Preto\u017ee pod\u013ea toho \u010do u\u017e vieme sa bude jedna\u0165 o takzvan\u00fd mestsk\u00fd SUV\/crossover. A ten by mal by\u0165 akousi vstupnou b\u00e1nov v tomto segmente a dos\u0165 teda bude z\u00e1le\u017ea\u0165 na tom aby bol tento za\u010diatok \u00faspe\u0161n\u00fd a uk\u00e1zali sme tak \u017ee na to m\u00e1me. A to najme z d\u00f4vodu toho \u017ee v bud\u00facnosti by mali by\u0165 z pr\u00e1ve toho modelu odvoden\u00e9 modely ako s\u00fa napr\u00edklad \u0160koda \u010di Seat. Nikomu sn\u00e1\u010f netreba pripom\u00edna\u0165 \u017ee z\u00e1ujem o ekologick\u00fa dopravu st\u00fapa a vyhr\u00e1 ten \u010do pr\u00edde sk\u00f4r.                                                                                                                                                                                                                                                                                                                                                                                        4.4\/5 - (9 votes)        "},{"@context":"https:\/\/schema.org\/","@type":"BreadcrumbList","itemListElement":[{"@type":"ListItem","position":1,"name":"Bratislava bude u\u017e \u010doskoro vyr\u00e1ba\u0165 elektrick\u00fd VW P\u00f3lo","item":"https:\/\/www.dibak.sk\/bratislava-bude-uz-coskoro-vyrabat-elektricky-vw-polo\/#breadcrumbitem"}]}]